{"id":2340,"date":"2016-12-06T06:27:18","date_gmt":"2016-12-06T05:27:18","guid":{"rendered":"http:\/\/www.recentimmo.com\/blog-fr\/?p=2340"},"modified":"2016-12-06T15:56:20","modified_gmt":"2016-12-06T14:56:20","slug":"le-salon-immobilier-avec-jim-burton","status":"publish","type":"post","link":"https:\/\/www.recentimmo.com\/blog-fr\/le-salon-immobilier-avec-jim-burton\/","title":{"rendered":"Le salon immobilier avec Jim Burton"},"content":{"rendered":"<p><img decoding=\"async\" loading=\"lazy\" class=\"alignnone size-full wp-image-2342\" src=\"http:\/\/www.recentimmo.com\/blog-fr\/wp-content\/uploads\/2016\/12\/real-estate-show-jim-burton.jpg\" alt=\"real-estate-show-jim-burton\" width=\"800\" height=\"400\" srcset=\"https:\/\/www.recentimmo.com\/blog-fr\/wp-content\/uploads\/2016\/12\/real-estate-show-jim-burton.jpg 800w, https:\/\/www.recentimmo.com\/blog-fr\/wp-content\/uploads\/2016\/12\/real-estate-show-jim-burton-300x150.jpg 300w, https:\/\/www.recentimmo.com\/blog-fr\/wp-content\/uploads\/2016\/12\/real-estate-show-jim-burton-768x384.jpg 768w, https:\/\/www.recentimmo.com\/blog-fr\/wp-content\/uploads\/2016\/12\/real-estate-show-jim-burton-630x315.jpg 630w, https:\/\/www.recentimmo.com\/blog-fr\/wp-content\/uploads\/2016\/12\/real-estate-show-jim-burton-114x57.jpg 114w, https:\/\/www.recentimmo.com\/blog-fr\/wp-content\/uploads\/2016\/12\/real-estate-show-jim-burton-509x255.jpg 509w, https:\/\/www.recentimmo.com\/blog-fr\/wp-content\/uploads\/2016\/12\/real-estate-show-jim-burton-337x169.jpg 337w, https:\/\/www.recentimmo.com\/blog-fr\/wp-content\/uploads\/2016\/12\/real-estate-show-jim-burton-320x160.jpg 320w\" sizes=\"(max-width: 800px) 100vw, 800px\" \/><\/p>\n<p>Jim Burton vend avec succ\u00e8s des biens immobiliers \u00e0 St. John&rsquo;s depuis pr\u00e8s de 30 ans. Il a obtenu en 1996 son \u00abFRI\u00bb, l&rsquo;Institut immobilier de l&rsquo;Institut immobilier du Canada et l&rsquo;\u00e9valuateur de la valeur marchande \u00abMVA\u00bb &#8211; R\u00e9sidentiel de l&rsquo;Association canadienne de l&rsquo;immeuble en 1998. Fondateur de \u00abThe Jim Burton Sales Team\u00bb, En 1998, il est un facilitateur pass\u00e9 et actuel de Cours d&rsquo;\u00e9ducation et de motivation pour les agents immobiliers dans la r\u00e9gion de St. John&rsquo;s.<\/p>\n<p>Jim est pr\u00e9sident de RE \/ MAX Infinity Realty Inc., l&rsquo;une des soci\u00e9t\u00e9s immobili\u00e8res les plus dynamiques de Terre-Neuve-et-Labrador. En 2012, 2013 et 2014, l&rsquo;\u00e9quipe Burton faisait partie des \u00e9quipes les plus productives au sein de l&rsquo;organisation RE \/ MAX, se classant parmi les dix premiers au Canada et les vingt premiers dans le monde. Jim d\u00e9tient une licence de pilotes de transport a\u00e9rien avec 15 000 heures de vol et poss\u00e8de et exploite une compagnie a\u00e9rienne saisonni\u00e8re, North Eastern Sky Services Ltd. avec son hydravion Dehavilland Beaver au Labrador. Il est \u00e9galement propri\u00e9taire et dirige Igloo Lake Lodge Ltd., l&rsquo;un des troph\u00e9es Brook Trout Lodges de Terre-Neuve-et-Labrador.<\/p>\n<p>Jim est actuellement pr\u00e9sident du conseil d&rsquo;administration de Hope Air, il est \u00e9galement membre du conseil d&rsquo;administration de l&rsquo;Arm\u00e9e du Salut (NL), ancien membre du conseil d&rsquo;administration du \u00abRotary Club de St. John&rsquo;s Northwest\u00bb, ancien membre de Le conseil d&rsquo;administration de la Fondation canadienne du cancer du sein (Canada atlantique), ancien membre du conseil d&rsquo;administration de l&rsquo;Association des l\u00e9sions c\u00e9r\u00e9brales de Terre-Neuve-et-Labrador, ancien pr\u00e9sident du Relais pour la vie de la \u00abDream Team\u00bb de la Soci\u00e9t\u00e9 canadienne du cancer. En novembre 2015, Jim a re\u00e7u le Prix humanitaire 2015 de la Croix-Rouge canadienne &#8211; Terre-Neuve-et-Labrador. En d\u00e9cembre 2014, la Chambre de commerce de St. John&rsquo;s a pr\u00e9sent\u00e9 Jim le Community Builder Volunteer of the Year. En 2013, l&rsquo;Association de pr\u00e9servation du saumon pour les eaux de Terre-Neuve-et-Labrador a remis un prix sp\u00e9cial (le Prix de conservation Ches Loughlin) \u00e0 Jim pour sa contribution importante \u00e0 la protection du saumon de l&rsquo;Atlantique. En 2013, Hope Air a nomm\u00e9 Jim \u00abVolontaire national de l&rsquo;ann\u00e9e\u00bb. En 2011, l&rsquo;Association des constructeurs canadiens de l&rsquo;est de Terre-Neuve a nomm\u00e9 Jim le prix de membre de l&rsquo;ann\u00e9e (non constructeur). Jim est \u00e9galement un ancien membre du comit\u00e9 de collecte de fonds pour le nouveau b\u00e2timent du YMCA \u00e0 St. John&rsquo;s. Il a \u00e9galement \u00e9t\u00e9 pr\u00e9sident honoraire de la Semaine de b\u00e9n\u00e9volat de Terre-Neuve-et-Labrador 2010 et ancien pr\u00e9sident du CHBA Home Show 2009, 2008 et 2007. Jim est un ancien directeur de la Fondation de l&rsquo;H\u00f4pital pour enfants Janeway. Il a pr\u00e9sid\u00e9 le d\u00eener des leaders du Parti lib\u00e9ral le 12 mai 2014 \u00e0 St. John&rsquo;s, o\u00f9 quelque 530 sympathisants se sont rassembl\u00e9s. Ses contributions pass\u00e9es \u00e0 la collectivit\u00e9 sont nombreuses: juge \u00e0 l&rsquo;Annapolis Valley Apple Blossom Pageant 2008, ancienne pr\u00e9sidente du d\u00eener de gala du Rotary Club de St. John&rsquo;s Northwest, 2016, 2015, 2014, 2013, 2012, 2009 et 2007, Pr\u00e9sident du \u00abConcert 2006 de RE \/ MAX pour la gu\u00e9rison\u00bb \u00e0 l&rsquo;appui de la Fondation canadienne du cancer du sein, ancien pr\u00e9sident du conseil d&rsquo;administration de l&rsquo;\u00e9glise unie de Cowan Heights et ancien pr\u00e9sident du Cowan Heights United Church Men&rsquo;s Club. Directeur de la St. John&rsquo;s Real Estate Board et ancien directeur de l&rsquo;Association canadienne des constructeurs d&rsquo;habitations &#8211; Est de Terre-Neuve et de la Chambre de commerce de St. John&rsquo;s. Jim est connu pour sa pratique \u00e9nerg\u00e9tique, enthousiaste et d\u00e9brouillard Real Estate et est toujours ouvert \u00e0 de nouvelles id\u00e9es, des d\u00e9fis et des opportunit\u00e9s.<\/p>\n<p>Jim peut \u00eatre joint au (709) 682-8663 ou vjamesburton@gmail.com<\/p>\n<p><strong>Source :<\/strong> <a href=\"http:\/\/vocm.com\/shows\/weekly-on-vocm\/the-real-estate-show-with-jim-burton\/\" target=\"_blank\" rel=\"nofollow\">http:\/\/vocm.com\/shows\/weekly-on-vocm\/the-real-estate-show-with-jim-burton\/<\/a><\/p>\n<div class=\"sharelinks\" style=\"\">\n\t<a title=\"Le salon immobilier avec Jim Burton\" rel=\"nofollow\" target=\"_blank\" href=\"http:\/\/www.facebook.com\/sharer.php?u=https:\/\/www.recentimmo.com\/blog-fr\/le-salon-immobilier-avec-jim-burton\/\"><img width=\"56\" height=\"20\" alt=\"facebook\" src=\"https:\/\/www.recentimmo.com\/blog-fr\/wp-content\/plugins\/facebook-google-twitter-share\/images\/facebook.png\"><\/a>\n\t<a title=\"Le salon immobilier avec Jim Burton\" rel=\"nofollow\" target=\"_blank\" href=\"https:\/\/plus.google.com\/share?url=https:\/\/www.recentimmo.com\/blog-fr\/le-salon-immobilier-avec-jim-burton\/\"><img width=\"60\" height=\"20\" alt=\"google plus\" src=\"https:\/\/www.recentimmo.com\/blog-fr\/wp-content\/plugins\/facebook-google-twitter-share\/images\/googleplus.png\"><\/a>\n\t<a title=\"Le salon immobilier avec Jim Burton\" Nagar\" rel=\"nofollow\" target=\"_blank\" href=\"http:\/\/twitter.com\/home?status=Le salon immobilier avec Jim Burton https:\/\/www.recentimmo.com\/blog-fr\/le-salon-immobilier-avec-jim-burton\/\"><img width=\"70\" height=\"20\" alt=\"twitter\" src=\"https:\/\/www.recentimmo.com\/blog-fr\/wp-content\/plugins\/facebook-google-twitter-share\/images\/twitter.png\"><\/a>\n\t<\/div>","protected":false},"excerpt":{"rendered":"<p>Jim Burton vend avec succ\u00e8s des biens immobiliers \u00e0 St. John&rsquo;s depuis pr\u00e8s de 30 ans. Il a obtenu en 1996 son \u00abFRI\u00bb, l&rsquo;Institut immobilier de l&rsquo;Institut immobilier du Canada et l&rsquo;\u00e9valuateur de la valeur marchande \u00abMVA\u00bb &#8211; R\u00e9sidentiel de l&rsquo;Association canadienne de l&rsquo;immeuble en 1998. Fondateur de \u00abThe Jim Burton Sales Team\u00bb, En 1998, il est un facilitateur pass\u00e9 et actuel de Cours d&rsquo;\u00e9ducation et de motivation pour les agents immobiliers dans la r\u00e9gion de St. John&rsquo;s. Jim est <a class=\"more-link\" href=\"https:\/\/www.recentimmo.com\/blog-fr\/le-salon-immobilier-avec-jim-burton\/\">Continuer la lecture <span class=\"screen-reader-text\">  Le salon immobilier avec Jim Burton<\/span><span class=\"meta-nav\">&rarr;<\/span><\/a><\/p>\n","protected":false},"author":1,"featured_media":0,"comment_status":"open","ping_status":"open","sticky":false,"template":"","format":"standard","meta":{"footnotes":""},"categories":[2],"tags":[],"yoast_head":"<!-- This site is optimized with the Yoast SEO plugin v15.2 - https:\/\/yoast.com\/wordpress\/plugins\/seo\/ -->\n<title>Le salon immobilier avec Jim Burton<\/title>\n<meta name=\"robots\" content=\"index, follow, max-snippet:-1, max-image-preview:large, max-video-preview:-1\" \/>\n<link rel=\"canonical\" href=\"https:\/\/www.recentimmo.com\/blog-fr\/le-salon-immobilier-avec-jim-burton\/\" \/>\n<meta property=\"og:locale\" content=\"fr_FR\" \/>\n<meta property=\"og:type\" content=\"article\" \/>\n<meta property=\"og:title\" content=\"Le salon immobilier avec Jim Burton\" \/>\n<meta property=\"og:description\" content=\"Jim Burton vend avec succ\u00e8s des biens immobiliers \u00e0 St. John&rsquo;s depuis pr\u00e8s de 30 ans. Il a obtenu en 1996 son \u00abFRI\u00bb, l&rsquo;Institut immobilier de l&rsquo;Institut immobilier du Canada et l&rsquo;\u00e9valuateur de la valeur marchande \u00abMVA\u00bb &#8211; R\u00e9sidentiel de l&rsquo;Association canadienne de l&rsquo;immeuble en 1998. Fondateur de \u00abThe Jim Burton Sales Team\u00bb, En 1998, il est un facilitateur pass\u00e9 et actuel de Cours d&rsquo;\u00e9ducation et de motivation pour les agents immobiliers dans la r\u00e9gion de St. John&rsquo;s. Jim est Continuer la lecture  Le salon immobilier avec Jim Burton&rarr;\" \/>\n<meta property=\"og:url\" content=\"https:\/\/www.recentimmo.com\/blog-fr\/le-salon-immobilier-avec-jim-burton\/\" \/>\n<meta property=\"og:site_name\" content=\"Blog Recentimmo - Actualit\u00e9s et news de l&#039;immobilier\" \/>\n<meta property=\"article:publisher\" content=\"https:\/\/www.facebook.com\/Recent-Immo-984336311646368\/\" \/>\n<meta property=\"article:published_time\" content=\"2016-12-06T05:27:18+00:00\" \/>\n<meta property=\"article:modified_time\" content=\"2016-12-06T14:56:20+00:00\" \/>\n<meta property=\"og:image\" content=\"http:\/\/www.recentimmo.com\/blog-fr\/wp-content\/uploads\/2016\/12\/real-estate-show-jim-burton.jpg\" \/>\n<meta name=\"twitter:card\" content=\"summary_large_image\" \/>\n<meta name=\"twitter:creator\" content=\"@recentimmo\" \/>\n<meta name=\"twitter:site\" content=\"@recentimmo\" \/>\n<meta name=\"twitter:label1\" value=\"\u00c9crit par\">\n\t<meta name=\"twitter:data1\" value=\"RecentBlogFR\">\n\t<meta name=\"twitter:label2\" value=\"Dur\u00e9e de lecture est.\">\n\t<meta name=\"twitter:data2\" value=\"2 minutes\">\n<script type=\"application\/ld+json\" class=\"yoast-schema-graph\">{\"@context\":\"https:\/\/schema.org\",\"@graph\":[{\"@type\":\"WebSite\",\"@id\":\"https:\/\/www.recentimmo.com\/blog-fr\/#website\",\"url\":\"https:\/\/www.recentimmo.com\/blog-fr\/\",\"name\":\"Blog Recentimmo - Actualit\\u00e9s et news de l&#039;immobilier\",\"description\":\"Toute l&#039;actualit\\u00e9 de l&#039;immobilier international\",\"potentialAction\":[{\"@type\":\"SearchAction\",\"target\":\"https:\/\/www.recentimmo.com\/blog-fr\/?s={search_term_string}\",\"query-input\":\"required name=search_term_string\"}],\"inLanguage\":\"fr-FR\"},{\"@type\":\"ImageObject\",\"@id\":\"https:\/\/www.recentimmo.com\/blog-fr\/le-salon-immobilier-avec-jim-burton\/#primaryimage\",\"inLanguage\":\"fr-FR\",\"url\":\"http:\/\/www.recentimmo.com\/blog-fr\/wp-content\/uploads\/2016\/12\/real-estate-show-jim-burton.jpg\"},{\"@type\":\"WebPage\",\"@id\":\"https:\/\/www.recentimmo.com\/blog-fr\/le-salon-immobilier-avec-jim-burton\/#webpage\",\"url\":\"https:\/\/www.recentimmo.com\/blog-fr\/le-salon-immobilier-avec-jim-burton\/\",\"name\":\"Le salon immobilier avec Jim Burton\",\"isPartOf\":{\"@id\":\"https:\/\/www.recentimmo.com\/blog-fr\/#website\"},\"primaryImageOfPage\":{\"@id\":\"https:\/\/www.recentimmo.com\/blog-fr\/le-salon-immobilier-avec-jim-burton\/#primaryimage\"},\"datePublished\":\"2016-12-06T05:27:18+00:00\",\"dateModified\":\"2016-12-06T14:56:20+00:00\",\"author\":{\"@id\":\"https:\/\/www.recentimmo.com\/blog-fr\/#\/schema\/person\/2b7d878584afe0c974069ac776964f96\"},\"inLanguage\":\"fr-FR\",\"potentialAction\":[{\"@type\":\"ReadAction\",\"target\":[\"https:\/\/www.recentimmo.com\/blog-fr\/le-salon-immobilier-avec-jim-burton\/\"]}]},{\"@type\":\"Person\",\"@id\":\"https:\/\/www.recentimmo.com\/blog-fr\/#\/schema\/person\/2b7d878584afe0c974069ac776964f96\",\"name\":\"RecentBlogFR\",\"image\":{\"@type\":\"ImageObject\",\"@id\":\"https:\/\/www.recentimmo.com\/blog-fr\/#personlogo\",\"inLanguage\":\"fr-FR\",\"url\":\"https:\/\/secure.gravatar.com\/avatar\/017c448542e3741bc6dba63bfa091a63?s=96&d=mm&r=g\",\"caption\":\"RecentBlogFR\"}}]}<\/script>\n<!-- \/ Yoast SEO plugin. -->","_links":{"self":[{"href":"https:\/\/www.recentimmo.com\/blog-fr\/wp-json\/wp\/v2\/posts\/2340"}],"collection":[{"href":"https:\/\/www.recentimmo.com\/blog-fr\/wp-json\/wp\/v2\/posts"}],"about":[{"href":"https:\/\/www.recentimmo.com\/blog-fr\/wp-json\/wp\/v2\/types\/post"}],"author":[{"embeddable":true,"href":"https:\/\/www.recentimmo.com\/blog-fr\/wp-json\/wp\/v2\/users\/1"}],"replies":[{"embeddable":true,"href":"https:\/\/www.recentimmo.com\/blog-fr\/wp-json\/wp\/v2\/comments?post=2340"}],"version-history":[{"count":2,"href":"https:\/\/www.recentimmo.com\/blog-fr\/wp-json\/wp\/v2\/posts\/2340\/revisions"}],"predecessor-version":[{"id":2343,"href":"https:\/\/www.recentimmo.com\/blog-fr\/wp-json\/wp\/v2\/posts\/2340\/revisions\/2343"}],"wp:attachment":[{"href":"https:\/\/www.recentimmo.com\/blog-fr\/wp-json\/wp\/v2\/media?parent=2340"}],"wp:term":[{"taxonomy":"category","embeddable":true,"href":"https:\/\/www.recentimmo.com\/blog-fr\/wp-json\/wp\/v2\/categories?post=2340"},{"taxonomy":"post_tag","embeddable":true,"href":"https:\/\/www.recentimmo.com\/blog-fr\/wp-json\/wp\/v2\/tags?post=2340"}],"curies":[{"name":"wp","href":"https:\/\/api.w.org\/{rel}","templated":true}]}}